{"id":10976,"date":"2024-10-23T14:05:35","date_gmt":"2024-10-23T12:05:35","guid":{"rendered":"https:\/\/credaf.org\/?p=10976"},"modified":"2024-10-23T14:07:34","modified_gmt":"2024-10-23T12:07:34","slug":"formation-ihedd-omd-sur-la-science-des-donnees-au-service-dune-meilleure-mobilisation-des-recettes-2","status":"publish","type":"post","link":"https:\/\/credaf.org\/en\/formation-ihedd-omd-sur-la-science-des-donnees-au-service-dune-meilleure-mobilisation-des-recettes-2\/","title":{"rendered":"Formation IHEDD-FERDI : Science des donn\u00e9es pour les administrations fiscales et douani\u00e8res"},"content":{"rendered":"<p>Nous avons le plaisir de vous annoncer le lancement de l\u2019appel \u00e0 candidatures de la deuxi\u00e8me \u00e9dition de la formation certifiante \u00e0 distance <strong><em>\u00ab\u00a0La science des donn\u00e9es au service des administrations fiscales et douani\u00e8res<\/em><\/strong><strong>\u00ab\u00a0, <\/strong>organis\u00e9e en partenariat avec l\u2019institut des Hautes \u00c9tudes du D\u00e9veloppement Durable de la FERDI (Clermont-Ferrand) et l\u2019\u00c9cole Nationale de Statistique et d\u2019\u00c9conomie Appliqu\u00e9e (ENSEA) d\u2019Abidjan.<\/p>\n<p>Ce parcours de formation s\u2019adresse en priorit\u00e9 aux agent.es francophones des administrations fiscales et douani\u00e8res.<\/p>\n<div>\n<div>Pour de plus amples informations, veuillez consulter la plaquette de pr\u00e9sentation <span style=\"color: #0000ff;\"><em><strong><a style=\"color: #0000ff;\" href=\"https:\/\/credaf.org\/wp-content\/uploads\/2024\/10\/IHEDD-ENSEA-La_science_des_donnees_VF.pdf\" target=\"_blank\" rel=\"noopener\">here<\/a><\/strong><\/em><\/span>.<\/div>\n<div><\/div>\n<div>Vous pouvez \u00e9galement acc\u00e9der \u00e0 la page d\u2019inscription via le lien suivant :\u00a0<span id=\"m_-720757525734673036OBJ_PREFIX_DWT2134_com_zimbra_url\" role=\"link\"><span id=\"m_-720757525734673036OBJ_PREFIX_DWT2139_com_zimbra_url\" role=\"link\"><a href=\"https:\/\/ferdi.fr\/ihedd\/la-science-des-donnees-au-service-des-administrations-fiscales-et-douanieres-1ec68111-982d-4a42-af61-b27374f8b90e\" target=\"_blank\" rel=\"noopener\" data-saferedirecturl=\"https:\/\/www.google.com\/url?q=https:\/\/ferdi.fr\/ihedd\/la-science-des-donnees-au-service-des-administrations-fiscales-et-douanieres-1ec68111-982d-4a42-af61-b27374f8b90e&source=gmail&ust=1729770628385000&usg=AOvVaw2MCNo6EP64zf2ScCJ3glNB\"><em><strong><span style=\"color: #0000ff;\">lien\u00a0vers\u00a0la\u00a0page\u00a0d\u2019<wbr \/>inscription<\/span><\/strong><\/em>.<\/a><\/span><\/span><\/div>\n<\/div>\n<div><\/div>\n<div>La date limite pour postuler est fix\u00e9e au <span style=\"color: #0000ff;\"><strong>04 novembre prochain<\/strong><\/span>.<\/div>\n<!-- AddThis Advanced Settings generic via filter on the_content --><!-- AddThis Share Buttons generic via filter on the_content --><!-- AddThis Related Posts generic via filter on the_content -->","protected":false},"excerpt":{"rendered":"<p>Nous avons le plaisir de vous annoncer le lancement de l\u2019appel \u00e0 candidatures de la deuxi\u00e8me \u00e9dition de la formation certifiante \u00e0 distance \u00ab\u00a0La science des donn\u00e9es au service des administrations fiscales et douani\u00e8res\u00ab\u00a0, organis\u00e9e en partenariat avec l\u2019institut des Hautes \u00c9tudes du D\u00e9veloppement Durable de la FERDI (Clermont-Ferrand) et l\u2019\u00c9cole Nationale de Statistique et d\u2019\u00c9conomie Appliqu\u00e9e (ENSEA) d\u2019Abidjan. Ce<\/p>","protected":false},"author":13,"featured_media":0,"comment_status":"closed","ping_status":"closed","sticky":false,"template":"","format":"aside","meta":{"_acf_changed":false,"footnotes":""},"categories":[171],"tags":[],"class_list":["post-10976","post","type-post","status-publish","format-aside","hentry","category-article","post_format-post-format-aside"],"acf":[],"gutentor_comment":0,"yoast_head":"<!-- This site is optimized with the Yoast SEO plugin v27.5 - https:\/\/yoast.com\/product\/yoast-seo-wordpress\/ -->\n<title>- Formation IHEDD-FERDI : Science des donn\u00e9es pour les administrations fiscales et douani\u00e8res<\/title>\n<meta name=\"robots\" content=\"index, follow, max-snippet:-1, max-image-preview:large, max-video-preview:-1\" \/>\n<link rel=\"canonical\" href=\"https:\/\/credaf.org\/en\/formation-ihedd-omd-sur-la-science-des-donnees-au-service-dune-meilleure-mobilisation-des-recettes-2\/\" \/>\n<meta property=\"og:locale\" content=\"en_US\" \/>\n<meta property=\"og:type\" content=\"article\" \/>\n<meta property=\"og:title\" content=\"- Formation IHEDD-FERDI : Science des donn\u00e9es pour les administrations fiscales et douani\u00e8res\" \/>\n<meta property=\"og:description\" content=\"Nous avons le plaisir de vous annoncer le lancement de l\u2019appel \u00e0 candidatures de la deuxi\u00e8me \u00e9dition de la formation certifiante \u00e0 distance \u00ab\u00a0La science des donn\u00e9es au service des administrations fiscales et douani\u00e8res\u00ab\u00a0, organis\u00e9e en partenariat avec l\u2019institut des Hautes \u00c9tudes du D\u00e9veloppement Durable de la FERDI (Clermont-Ferrand) et l\u2019\u00c9cole Nationale de Statistique et d\u2019\u00c9conomie Appliqu\u00e9e (ENSEA) d\u2019Abidjan. Ce\" \/>\n<meta property=\"og:url\" content=\"https:\/\/credaf.org\/en\/formation-ihedd-omd-sur-la-science-des-donnees-au-service-dune-meilleure-mobilisation-des-recettes-2\/\" \/>\n<meta property=\"article:published_time\" content=\"2024-10-23T12:05:35+00:00\" \/>\n<meta property=\"article:modified_time\" content=\"2024-10-23T12:07:34+00:00\" \/>\n<meta name=\"author\" content=\"sgcredaf\" \/>\n<meta name=\"twitter:card\" content=\"summary_large_image\" \/>\n<meta name=\"twitter:label1\" content=\"Written by\" \/>\n\t<meta name=\"twitter:data1\" content=\"sgcredaf\" \/>\n\t<meta name=\"twitter:label2\" content=\"Est. reading time\" \/>\n\t<meta name=\"twitter:data2\" content=\"1 minute\" \/>\n<script type=\"application\/ld+json\" class=\"yoast-schema-graph\">{\"@context\":\"https:\\\/\\\/schema.org\",\"@graph\":[{\"@type\":\"Article\",\"@id\":\"https:\\\/\\\/credaf.org\\\/formation-ihedd-omd-sur-la-science-des-donnees-au-service-dune-meilleure-mobilisation-des-recettes-2\\\/#article\",\"isPartOf\":{\"@id\":\"https:\\\/\\\/credaf.org\\\/formation-ihedd-omd-sur-la-science-des-donnees-au-service-dune-meilleure-mobilisation-des-recettes-2\\\/\"},\"author\":{\"name\":\"sgcredaf\",\"@id\":\"https:\\\/\\\/credaf.org\\\/#\\\/schema\\\/person\\\/259779a88640d76a545c9e6a8ce3ddb7\"},\"headline\":\"Formation IHEDD-FERDI : Science des donn\u00e9es pour les administrations fiscales et douani\u00e8res\",\"datePublished\":\"2024-10-23T12:05:35+00:00\",\"dateModified\":\"2024-10-23T12:07:34+00:00\",\"mainEntityOfPage\":{\"@id\":\"https:\\\/\\\/credaf.org\\\/formation-ihedd-omd-sur-la-science-des-donnees-au-service-dune-meilleure-mobilisation-des-recettes-2\\\/\"},\"wordCount\":142,\"articleSection\":[\"article FR\"],\"inLanguage\":\"en-US\"},{\"@type\":\"WebPage\",\"@id\":\"https:\\\/\\\/credaf.org\\\/formation-ihedd-omd-sur-la-science-des-donnees-au-service-dune-meilleure-mobilisation-des-recettes-2\\\/\",\"url\":\"https:\\\/\\\/credaf.org\\\/formation-ihedd-omd-sur-la-science-des-donnees-au-service-dune-meilleure-mobilisation-des-recettes-2\\\/\",\"name\":\"- Formation IHEDD-FERDI : Science des donn\u00e9es pour les administrations fiscales et douani\u00e8res\",\"isPartOf\":{\"@id\":\"https:\\\/\\\/credaf.org\\\/#website\"},\"datePublished\":\"2024-10-23T12:05:35+00:00\",\"dateModified\":\"2024-10-23T12:07:34+00:00\",\"author\":{\"@id\":\"https:\\\/\\\/credaf.org\\\/#\\\/schema\\\/person\\\/259779a88640d76a545c9e6a8ce3ddb7\"},\"breadcrumb\":{\"@id\":\"https:\\\/\\\/credaf.org\\\/formation-ihedd-omd-sur-la-science-des-donnees-au-service-dune-meilleure-mobilisation-des-recettes-2\\\/#breadcrumb\"},\"inLanguage\":\"en-US\",\"potentialAction\":[{\"@type\":\"ReadAction\",\"target\":[\"https:\\\/\\\/credaf.org\\\/formation-ihedd-omd-sur-la-science-des-donnees-au-service-dune-meilleure-mobilisation-des-recettes-2\\\/\"]}]},{\"@type\":\"BreadcrumbList\",\"@id\":\"https:\\\/\\\/credaf.org\\\/formation-ihedd-omd-sur-la-science-des-donnees-au-service-dune-meilleure-mobilisation-des-recettes-2\\\/#breadcrumb\",\"itemListElement\":[{\"@type\":\"ListItem\",\"position\":1,\"name\":\"Accueil\",\"item\":\"https:\\\/\\\/credaf.org\\\/\"},{\"@type\":\"ListItem\",\"position\":2,\"name\":\"Formation IHEDD-FERDI : Science des donn\u00e9es pour les administrations fiscales et douani\u00e8res\"}]},{\"@type\":\"WebSite\",\"@id\":\"https:\\\/\\\/credaf.org\\\/#website\",\"url\":\"https:\\\/\\\/credaf.org\\\/\",\"name\":\"\",\"description\":\"\",\"potentialAction\":[{\"@type\":\"SearchAction\",\"target\":{\"@type\":\"EntryPoint\",\"urlTemplate\":\"https:\\\/\\\/credaf.org\\\/?s={search_term_string}\"},\"query-input\":{\"@type\":\"PropertyValueSpecification\",\"valueRequired\":true,\"valueName\":\"search_term_string\"}}],\"inLanguage\":\"en-US\"},{\"@type\":\"Person\",\"@id\":\"https:\\\/\\\/credaf.org\\\/#\\\/schema\\\/person\\\/259779a88640d76a545c9e6a8ce3ddb7\",\"name\":\"sgcredaf\",\"url\":\"https:\\\/\\\/credaf.org\\\/en\\\/author\\\/sgcredaf\\\/\"}]}<\/script>\n<!-- \/ Yoast SEO plugin. -->","yoast_head_json":{"title":"- Formation IHEDD-FERDI : Science des donn\u00e9es pour les administrations fiscales et douani\u00e8res","robots":{"index":"index","follow":"follow","max-snippet":"max-snippet:-1","max-image-preview":"max-image-preview:large","max-video-preview":"max-video-preview:-1"},"canonical":"https:\/\/credaf.org\/en\/formation-ihedd-omd-sur-la-science-des-donnees-au-service-dune-meilleure-mobilisation-des-recettes-2\/","og_locale":"en_US","og_type":"article","og_title":"- Formation IHEDD-FERDI : Science des donn\u00e9es pour les administrations fiscales et douani\u00e8res","og_description":"Nous avons le plaisir de vous annoncer le lancement de l\u2019appel \u00e0 candidatures de la deuxi\u00e8me \u00e9dition de la formation certifiante \u00e0 distance \u00ab\u00a0La science des donn\u00e9es au service des administrations fiscales et douani\u00e8res\u00ab\u00a0, organis\u00e9e en partenariat avec l\u2019institut des Hautes \u00c9tudes du D\u00e9veloppement Durable de la FERDI (Clermont-Ferrand) et l\u2019\u00c9cole Nationale de Statistique et d\u2019\u00c9conomie Appliqu\u00e9e (ENSEA) d\u2019Abidjan. Ce","og_url":"https:\/\/credaf.org\/en\/formation-ihedd-omd-sur-la-science-des-donnees-au-service-dune-meilleure-mobilisation-des-recettes-2\/","article_published_time":"2024-10-23T12:05:35+00:00","article_modified_time":"2024-10-23T12:07:34+00:00","author":"sgcredaf","twitter_card":"summary_large_image","twitter_misc":{"Written by":"sgcredaf","Est. reading time":"1 minute"},"schema":{"@context":"https:\/\/schema.org","@graph":[{"@type":"Article","@id":"https:\/\/credaf.org\/formation-ihedd-omd-sur-la-science-des-donnees-au-service-dune-meilleure-mobilisation-des-recettes-2\/#article","isPartOf":{"@id":"https:\/\/credaf.org\/formation-ihedd-omd-sur-la-science-des-donnees-au-service-dune-meilleure-mobilisation-des-recettes-2\/"},"author":{"name":"sgcredaf","@id":"https:\/\/credaf.org\/#\/schema\/person\/259779a88640d76a545c9e6a8ce3ddb7"},"headline":"Formation IHEDD-FERDI : Science des donn\u00e9es pour les administrations fiscales et douani\u00e8res","datePublished":"2024-10-23T12:05:35+00:00","dateModified":"2024-10-23T12:07:34+00:00","mainEntityOfPage":{"@id":"https:\/\/credaf.org\/formation-ihedd-omd-sur-la-science-des-donnees-au-service-dune-meilleure-mobilisation-des-recettes-2\/"},"wordCount":142,"articleSection":["article FR"],"inLanguage":"en-US"},{"@type":"WebPage","@id":"https:\/\/credaf.org\/formation-ihedd-omd-sur-la-science-des-donnees-au-service-dune-meilleure-mobilisation-des-recettes-2\/","url":"https:\/\/credaf.org\/formation-ihedd-omd-sur-la-science-des-donnees-au-service-dune-meilleure-mobilisation-des-recettes-2\/","name":"- Formation IHEDD-FERDI : Science des donn\u00e9es pour les administrations fiscales et douani\u00e8res","isPartOf":{"@id":"https:\/\/credaf.org\/#website"},"datePublished":"2024-10-23T12:05:35+00:00","dateModified":"2024-10-23T12:07:34+00:00","author":{"@id":"https:\/\/credaf.org\/#\/schema\/person\/259779a88640d76a545c9e6a8ce3ddb7"},"breadcrumb":{"@id":"https:\/\/credaf.org\/formation-ihedd-omd-sur-la-science-des-donnees-au-service-dune-meilleure-mobilisation-des-recettes-2\/#breadcrumb"},"inLanguage":"en-US","potentialAction":[{"@type":"ReadAction","target":["https:\/\/credaf.org\/formation-ihedd-omd-sur-la-science-des-donnees-au-service-dune-meilleure-mobilisation-des-recettes-2\/"]}]},{"@type":"BreadcrumbList","@id":"https:\/\/credaf.org\/formation-ihedd-omd-sur-la-science-des-donnees-au-service-dune-meilleure-mobilisation-des-recettes-2\/#breadcrumb","itemListElement":[{"@type":"ListItem","position":1,"name":"Accueil","item":"https:\/\/credaf.org\/"},{"@type":"ListItem","position":2,"name":"Formation IHEDD-FERDI : Science des donn\u00e9es pour les administrations fiscales et douani\u00e8res"}]},{"@type":"WebSite","@id":"https:\/\/credaf.org\/#website","url":"https:\/\/credaf.org\/","name":"","description":"","potentialAction":[{"@type":"SearchAction","target":{"@type":"EntryPoint","urlTemplate":"https:\/\/credaf.org\/?s={search_term_string}"},"query-input":{"@type":"PropertyValueSpecification","valueRequired":true,"valueName":"search_term_string"}}],"inLanguage":"en-US"},{"@type":"Person","@id":"https:\/\/credaf.org\/#\/schema\/person\/259779a88640d76a545c9e6a8ce3ddb7","name":"sgcredaf","url":"https:\/\/credaf.org\/en\/author\/sgcredaf\/"}]}},"rttpg_featured_image_url":null,"rttpg_author":{"display_name":"sgcredaf","author_link":"https:\/\/credaf.org\/en\/author\/sgcredaf\/"},"rttpg_comment":0,"rttpg_category":"<a href=\"https:\/\/credaf.org\/en\/category\/article\/\" rel=\"category tag\">article FR<\/a>","rttpg_excerpt":"Nous avons le plaisir de vous annoncer le lancement de l\u2019appel \u00e0 candidatures de la deuxi\u00e8me \u00e9dition de la formation certifiante \u00e0 distance \u00ab\u00a0La science des donn\u00e9es au service des administrations fiscales et douani\u00e8res\u00ab\u00a0, organis\u00e9e en partenariat avec l\u2019institut des Hautes \u00c9tudes du D\u00e9veloppement Durable de la FERDI (Clermont-Ferrand) et l\u2019\u00c9cole Nationale de Statistique et&hellip;","_links":{"self":[{"href":"https:\/\/credaf.org\/en\/wp-json\/wp\/v2\/posts\/10976","targetHints":{"allow":["GET"]}}],"collection":[{"href":"https:\/\/credaf.org\/en\/wp-json\/wp\/v2\/posts"}],"about":[{"href":"https:\/\/credaf.org\/en\/wp-json\/wp\/v2\/types\/post"}],"author":[{"embeddable":true,"href":"https:\/\/credaf.org\/en\/wp-json\/wp\/v2\/users\/13"}],"replies":[{"embeddable":true,"href":"https:\/\/credaf.org\/en\/wp-json\/wp\/v2\/comments?post=10976"}],"version-history":[{"count":0,"href":"https:\/\/credaf.org\/en\/wp-json\/wp\/v2\/posts\/10976\/revisions"}],"wp:attachment":[{"href":"https:\/\/credaf.org\/en\/wp-json\/wp\/v2\/media?parent=10976"}],"wp:term":[{"taxonomy":"category","embeddable":true,"href":"https:\/\/credaf.org\/en\/wp-json\/wp\/v2\/categories?post=10976"},{"taxonomy":"post_tag","embeddable":true,"href":"https:\/\/credaf.org\/en\/wp-json\/wp\/v2\/tags?post=10976"}],"curies":[{"name":"wp","href":"https:\/\/api.w.org\/{rel}","templated":true}]}}