{"id":2905,"date":"2017-02-23T11:40:03","date_gmt":"2017-02-23T10:40:03","guid":{"rendered":"http:\/\/credaf.org\/?p=2905"},"modified":"2019-04-01T14:26:31","modified_gmt":"2019-04-01T12:26:31","slug":"atelier-technique-sur-les-prix-de-transfert-congo-13-au-15-fevrier","status":"publish","type":"post","link":"https:\/\/credaf.org\/en\/atelier-technique-sur-les-prix-de-transfert-congo-13-au-15-fevrier\/","title":{"rendered":"Atelier technique sur les prix de transfert &#8211;  CONGO &#8211; 13 au 15 f\u00e9vrier"},"content":{"rendered":"<p>[et_pb_section admin_label=\u00a0\u00bbSection\u00a0\u00bb fullwidth=\u00a0\u00bboff\u00a0\u00bb specialty=\u00a0\u00bboff\u00a0\u00bb][et_pb_row admin_label=\u00a0\u00bbLigne\u00a0\u00bb][et_pb_column type=\u00a0\u00bb4_4\u2033][et_pb_text admin_label=\u00a0\u00bbTexte\u00a0\u00bb background_layout=\u00a0\u00bblight\u00a0\u00bb text_orientation=\u00a0\u00bbleft\u00a0\u00bb use_border_color=\u00a0\u00bboff\u00a0\u00bb border_color=\u00a0\u00bb#ffffff\u00a0\u00bb border_style=\u00a0\u00bbsolid\u00a0\u00bb]<\/p>\n<p><img decoding=\"async\" class=\"wp-image-2906 alignleft\" src=\"https:\/\/credaf.org\/wp-content\/uploads\/2017\/02\/DSCN0837-Copie-300x69.jpg\" alt=\"\" height=\"85\" width=\"370\"><\/p>\n<p style=\"text-align: justify;\">Le th\u00e8me de l\u2019atelier sur les prix de transfert est un sujet d\u2019une importance strat\u00e9gique pour les finances publiques, compte tenu de l\u2019impact significatif qu\u2019il rev\u00eat en termes de recettes fiscales. Dans un contexte d\u2019internationalisation des \u00e9conomies o\u00f9 les \u00e9changes intra-groupes repr\u00e9sentent pr\u00e8s de 60\u00a0% du commerce mondial, les prix de transfert sont un enjeu majeur pour les administrations fiscales des pays d\u00e9velopp\u00e9s comme des pays en d\u00e9veloppement. Ils constituent une zone de risque importante qui prive les \u00c9tats de recettes fiscales et affecte ainsi leur d\u00e9veloppement, fausse les r\u00e8gles de la concurrence et sape la confiance des citoyens dans l\u2019\u00e9quit\u00e9 des syst\u00e8mes fiscaux internationaux.<\/p>\n<p style=\"text-align: justify;\">Chaque ann\u00e9e, les pratiques d\u2019\u00e9vitement fiscal des groupes d\u2019entreprises multinationales font perdre aux \u00c9tats entre 100 et 240 milliards de dollars de recettes fiscales, soit l\u2019\u00e9quivalent de 4 \u00e0 10% du montant des recettes tir\u00e9es de l\u2019imp\u00f4t sur les soci\u00e9t\u00e9s \u00e0 l\u2019\u00e9chelle mondiale. En effet, les r\u00e8gles de prix de transfert sont un moyen de s\u00e9parer les b\u00e9n\u00e9fices des activit\u00e9s qui les g\u00e9n\u00e8rent et de les transf\u00e9rer dans des \u00c9tats \u00e0 faible fiscalit\u00e9, voire \u00e0 fiscalit\u00e9 nulle, dans lesquels elles n\u2019exercent pas (ou peu) d\u2019activit\u00e9. Les pays dans lesquels les b\u00e9n\u00e9fices sont r\u00e9alis\u00e9s, mais non impos\u00e9s puisque transf\u00e9r\u00e9s ailleurs, se voient ainsi p\u00e9nalis\u00e9s.<\/p>\n<p style=\"text-align: justify;\">Afin de lutter contre l\u2019utilisation abusive des prix de transfert qui les prive de la juste part qui leur revient de l\u2019assiette de l\u2019imposition des multinationales, de nombreux \u00c9tats ont introduit des dispositions l\u00e9gislatives relatives aux prix de transfert et \u00e0 l\u2019\u00e9vasion et la fraude fiscales, ou durci les r\u00e8gles d\u00e9j\u00e0 existantes.<\/p>\n<p style=\"text-align: justify;\">L\u2019OCDE a publi\u00e9 en octobre 2015 des mesures concr\u00e8tes pour contrer les pratiques d\u2019\u00e9vitement fiscal, dans un ensemble de treize rapports relatifs aux 15 actions du Plan d\u2019action BEPS, approuv\u00e9s par les Chefs d\u2019\u00c9tat des pays du G20.\u00a0 C\u2019est l\u2019initiative la plus importante depuis un si\u00e8cle pour moderniser des r\u00e8gles fiscales internationales devenues inadapt\u00e9es, qui marque un tournant dans l\u2019histoire de la fiscalit\u00e9 internationale.<\/p>\n<p style=\"text-align: justify;\">Ce s\u00e9minaire r\u00e9sidentiel d\u2019une dur\u00e9e de trois jours, organis\u00e9 conjointement par le CREDAF et l\u2019OCDE, a constitu\u00e9 le prolongement des s\u00e9minaires sur les prix de transfert organis\u00e9s \u00e0 Dakar en mars 2014 et f\u00e9vrier 2016, ainsi qu\u2019\u00e0 Libreville en f\u00e9vrier 2015. Il a \u00e9t\u00e9 l\u2019occasion de rappeler les principes et m\u00e9thodes applicables en mati\u00e8re de prix de transfert et d\u2019en approfondir la probl\u00e9matique, gr\u00e2ce \u00e0 des \u00e9tudes de cas propos\u00e9es dans le cadre de travaux en petits groupes afin de confronter les participants \u00e0 des probl\u00e9matiques concr\u00e8tes de prix de transfert.<\/p>\n<p style=\"text-align: justify;\">La participation \u00e0 ce s\u00e9minaire, qui a r\u00e9uni 45 repr\u00e9sentants de 16 pays, confirme l\u2019importance que rev\u00eat ce sujet pour nos membres.<\/p>\n<p style=\"text-align: justify;\">L\u2019essentiel du s\u00e9minaire a \u00e9t\u00e9 d\u00e9di\u00e9 \u00e0 des exercices pratiques, format tr\u00e8s appr\u00e9ci\u00e9 par tous. Cela a manifestement r\u00e9pondu \u00e0 un besoin de rendre plus concr\u00e8te la probl\u00e9matique des prix de transfert pour nombre des participants. Les \u00e9tudes de cas pratiques ont \u00e9t\u00e9 riches d\u2019enseignements pour les d\u00e9l\u00e9gu\u00e9s qui ont pu \u00e9changer entre eux sur les pratiques respectives, confronter leurs arguments et leurs analyses, et v\u00e9rifier ainsi qu\u2019 il ne s\u2019agit pas d\u2019une science exacte. Le jeu de r\u00f4les sur la commission mixte en a \u00e9t\u00e9 une illustration parfaite, qui a permis aux d\u00e9l\u00e9gu\u00e9s de voir que, m\u00eame en travaillant sur des donn\u00e9es identiques, le r\u00e9sultat obtenu n\u2019\u00e9tait pas le m\u00eame.<\/p>\n<p>[\/et_pb_text][\/et_pb_column][\/et_pb_row][\/et_pb_section]<\/p>\n<!-- AddThis Advanced Settings generic via filter on the_content --><!-- AddThis Share Buttons generic via filter on the_content --><!-- AddThis Related Posts generic via filter on the_content -->","protected":false},"excerpt":{"rendered":"<p>[et_pb_section admin_label=\u00a0\u00bbSection\u00a0\u00bb fullwidth=\u00a0\u00bboff\u00a0\u00bb specialty=\u00a0\u00bboff\u00a0\u00bb][et_pb_row admin_label=\u00a0\u00bbLigne\u00a0\u00bb][et_pb_column type=\u00a0\u00bb4_4\u2033][et_pb_text admin_label=\u00a0\u00bbTexte\u00a0\u00bb background_layout=\u00a0\u00bblight\u00a0\u00bb text_orientation=\u00a0\u00bbleft\u00a0\u00bb use_border_color=\u00a0\u00bboff\u00a0\u00bb border_color=\u00a0\u00bb#ffffff\u00a0\u00bb border_style=\u00a0\u00bbsolid\u00a0\u00bb] Le th\u00e8me de l\u2019atelier sur les prix de transfert est un sujet d\u2019une importance strat\u00e9gique pour les finances publiques, compte tenu de l\u2019impact significatif qu\u2019il rev\u00eat en termes de recettes fiscales. Dans un contexte d\u2019internationalisation des \u00e9conomies o\u00f9 les \u00e9changes intra-groupes repr\u00e9sentent pr\u00e8s de 60\u00a0% du commerce mondial,<\/p>\n","protected":false},"author":13,"featured_media":3044,"comment_status":"closed","ping_status":"closed","sticky":false,"template":"","format":"standard","meta":{"_acf_changed":false,"footnotes":""},"categories":[171],"tags":[],"class_list":["post-2905","post","type-post","status-publish","format-standard","has-post-thumbnail","hentry","category-article"],"acf":[],"gutentor_comment":0,"yoast_head":"<!-- This site is optimized with the Yoast SEO plugin v27.5 - https:\/\/yoast.com\/product\/yoast-seo-wordpress\/ -->\n<title>- Atelier technique sur les prix de transfert - CONGO - 13 au 15 f\u00e9vrier<\/title>\n<meta name=\"robots\" content=\"index, follow, max-snippet:-1, max-image-preview:large, max-video-preview:-1\" \/>\n<link rel=\"canonical\" href=\"https:\/\/credaf.org\/en\/atelier-technique-sur-les-prix-de-transfert-congo-13-au-15-fevrier\/\" \/>\n<meta property=\"og:locale\" content=\"en_US\" \/>\n<meta property=\"og:type\" content=\"article\" \/>\n<meta property=\"og:title\" content=\"- Atelier technique sur les prix de transfert - CONGO - 13 au 15 f\u00e9vrier\" \/>\n<meta property=\"og:description\" content=\"[et_pb_section admin_label=\u00a0\u00bbSection\u00a0\u00bb fullwidth=\u00a0\u00bboff\u00a0\u00bb specialty=\u00a0\u00bboff\u00a0\u00bb][et_pb_row admin_label=\u00a0\u00bbLigne\u00a0\u00bb][et_pb_column type=\u00a0\u00bb4_4\u2033][et_pb_text admin_label=\u00a0\u00bbTexte\u00a0\u00bb background_layout=\u00a0\u00bblight\u00a0\u00bb text_orientation=\u00a0\u00bbleft\u00a0\u00bb use_border_color=\u00a0\u00bboff\u00a0\u00bb border_color=\u00a0\u00bb#ffffff\u00a0\u00bb border_style=\u00a0\u00bbsolid\u00a0\u00bb] Le th\u00e8me de l\u2019atelier sur les prix de transfert est un sujet d\u2019une importance strat\u00e9gique pour les finances publiques, compte tenu de l\u2019impact significatif qu\u2019il rev\u00eat en termes de recettes fiscales. Dans un contexte d\u2019internationalisation des \u00e9conomies o\u00f9 les \u00e9changes intra-groupes repr\u00e9sentent pr\u00e8s de 60\u00a0% du commerce mondial,\" \/>\n<meta property=\"og:url\" content=\"https:\/\/credaf.org\/en\/atelier-technique-sur-les-prix-de-transfert-congo-13-au-15-fevrier\/\" \/>\n<meta property=\"article:published_time\" content=\"2017-02-23T10:40:03+00:00\" \/>\n<meta property=\"article:modified_time\" content=\"2019-04-01T12:26:31+00:00\" \/>\n<meta property=\"og:image\" content=\"https:\/\/credaf.org\/wp-content\/uploads\/2017\/02\/DSCN0832.jpg\" \/>\n\t<meta property=\"og:image:width\" content=\"800\" \/>\n\t<meta property=\"og:image:height\" content=\"387\" \/>\n\t<meta property=\"og:image:type\" content=\"image\/jpeg\" \/>\n<meta name=\"author\" content=\"sgcredaf\" \/>\n<meta name=\"twitter:card\" content=\"summary_large_image\" \/>\n<meta name=\"twitter:label1\" content=\"Written by\" \/>\n\t<meta name=\"twitter:data1\" content=\"sgcredaf\" \/>\n\t<meta name=\"twitter:label2\" content=\"Est. reading time\" \/>\n\t<meta name=\"twitter:data2\" content=\"3 minutes\" \/>\n<script type=\"application\/ld+json\" class=\"yoast-schema-graph\">{\"@context\":\"https:\\\/\\\/schema.org\",\"@graph\":[{\"@type\":\"Article\",\"@id\":\"https:\\\/\\\/credaf.org\\\/atelier-technique-sur-les-prix-de-transfert-congo-13-au-15-fevrier\\\/#article\",\"isPartOf\":{\"@id\":\"https:\\\/\\\/credaf.org\\\/atelier-technique-sur-les-prix-de-transfert-congo-13-au-15-fevrier\\\/\"},\"author\":{\"name\":\"sgcredaf\",\"@id\":\"https:\\\/\\\/credaf.org\\\/#\\\/schema\\\/person\\\/259779a88640d76a545c9e6a8ce3ddb7\"},\"headline\":\"Atelier technique sur les prix de transfert &#8211; CONGO &#8211; 13 au 15 f\u00e9vrier\",\"datePublished\":\"2017-02-23T10:40:03+00:00\",\"dateModified\":\"2019-04-01T12:26:31+00:00\",\"mainEntityOfPage\":{\"@id\":\"https:\\\/\\\/credaf.org\\\/atelier-technique-sur-les-prix-de-transfert-congo-13-au-15-fevrier\\\/\"},\"wordCount\":706,\"image\":{\"@id\":\"https:\\\/\\\/credaf.org\\\/atelier-technique-sur-les-prix-de-transfert-congo-13-au-15-fevrier\\\/#primaryimage\"},\"thumbnailUrl\":\"https:\\\/\\\/credaf.org\\\/wp-content\\\/uploads\\\/2017\\\/02\\\/DSCN0832.jpg\",\"articleSection\":[\"article FR\"],\"inLanguage\":\"en-US\"},{\"@type\":\"WebPage\",\"@id\":\"https:\\\/\\\/credaf.org\\\/atelier-technique-sur-les-prix-de-transfert-congo-13-au-15-fevrier\\\/\",\"url\":\"https:\\\/\\\/credaf.org\\\/atelier-technique-sur-les-prix-de-transfert-congo-13-au-15-fevrier\\\/\",\"name\":\"- Atelier technique sur les prix de transfert - CONGO - 13 au 15 f\u00e9vrier\",\"isPartOf\":{\"@id\":\"https:\\\/\\\/credaf.org\\\/#website\"},\"primaryImageOfPage\":{\"@id\":\"https:\\\/\\\/credaf.org\\\/atelier-technique-sur-les-prix-de-transfert-congo-13-au-15-fevrier\\\/#primaryimage\"},\"image\":{\"@id\":\"https:\\\/\\\/credaf.org\\\/atelier-technique-sur-les-prix-de-transfert-congo-13-au-15-fevrier\\\/#primaryimage\"},\"thumbnailUrl\":\"https:\\\/\\\/credaf.org\\\/wp-content\\\/uploads\\\/2017\\\/02\\\/DSCN0832.jpg\",\"datePublished\":\"2017-02-23T10:40:03+00:00\",\"dateModified\":\"2019-04-01T12:26:31+00:00\",\"author\":{\"@id\":\"https:\\\/\\\/credaf.org\\\/#\\\/schema\\\/person\\\/259779a88640d76a545c9e6a8ce3ddb7\"},\"breadcrumb\":{\"@id\":\"https:\\\/\\\/credaf.org\\\/atelier-technique-sur-les-prix-de-transfert-congo-13-au-15-fevrier\\\/#breadcrumb\"},\"inLanguage\":\"en-US\",\"potentialAction\":[{\"@type\":\"ReadAction\",\"target\":[\"https:\\\/\\\/credaf.org\\\/atelier-technique-sur-les-prix-de-transfert-congo-13-au-15-fevrier\\\/\"]}]},{\"@type\":\"ImageObject\",\"inLanguage\":\"en-US\",\"@id\":\"https:\\\/\\\/credaf.org\\\/atelier-technique-sur-les-prix-de-transfert-congo-13-au-15-fevrier\\\/#primaryimage\",\"url\":\"https:\\\/\\\/credaf.org\\\/wp-content\\\/uploads\\\/2017\\\/02\\\/DSCN0832.jpg\",\"contentUrl\":\"https:\\\/\\\/credaf.org\\\/wp-content\\\/uploads\\\/2017\\\/02\\\/DSCN0832.jpg\",\"width\":800,\"height\":387},{\"@type\":\"BreadcrumbList\",\"@id\":\"https:\\\/\\\/credaf.org\\\/atelier-technique-sur-les-prix-de-transfert-congo-13-au-15-fevrier\\\/#breadcrumb\",\"itemListElement\":[{\"@type\":\"ListItem\",\"position\":1,\"name\":\"Accueil\",\"item\":\"https:\\\/\\\/credaf.org\\\/\"},{\"@type\":\"ListItem\",\"position\":2,\"name\":\"Atelier technique sur les prix de transfert &#8211; CONGO &#8211; 13 au 15 f\u00e9vrier\"}]},{\"@type\":\"WebSite\",\"@id\":\"https:\\\/\\\/credaf.org\\\/#website\",\"url\":\"https:\\\/\\\/credaf.org\\\/\",\"name\":\"\",\"description\":\"\",\"potentialAction\":[{\"@type\":\"SearchAction\",\"target\":{\"@type\":\"EntryPoint\",\"urlTemplate\":\"https:\\\/\\\/credaf.org\\\/?s={search_term_string}\"},\"query-input\":{\"@type\":\"PropertyValueSpecification\",\"valueRequired\":true,\"valueName\":\"search_term_string\"}}],\"inLanguage\":\"en-US\"},{\"@type\":\"Person\",\"@id\":\"https:\\\/\\\/credaf.org\\\/#\\\/schema\\\/person\\\/259779a88640d76a545c9e6a8ce3ddb7\",\"name\":\"sgcredaf\",\"url\":\"https:\\\/\\\/credaf.org\\\/en\\\/author\\\/sgcredaf\\\/\"}]}<\/script>\n<!-- \/ Yoast SEO plugin. -->","yoast_head_json":{"title":"- Atelier technique sur les prix de transfert - CONGO - 13 au 15 f\u00e9vrier","robots":{"index":"index","follow":"follow","max-snippet":"max-snippet:-1","max-image-preview":"max-image-preview:large","max-video-preview":"max-video-preview:-1"},"canonical":"https:\/\/credaf.org\/en\/atelier-technique-sur-les-prix-de-transfert-congo-13-au-15-fevrier\/","og_locale":"en_US","og_type":"article","og_title":"- Atelier technique sur les prix de transfert - CONGO - 13 au 15 f\u00e9vrier","og_description":"[et_pb_section admin_label=\u00a0\u00bbSection\u00a0\u00bb fullwidth=\u00a0\u00bboff\u00a0\u00bb specialty=\u00a0\u00bboff\u00a0\u00bb][et_pb_row admin_label=\u00a0\u00bbLigne\u00a0\u00bb][et_pb_column type=\u00a0\u00bb4_4\u2033][et_pb_text admin_label=\u00a0\u00bbTexte\u00a0\u00bb background_layout=\u00a0\u00bblight\u00a0\u00bb text_orientation=\u00a0\u00bbleft\u00a0\u00bb use_border_color=\u00a0\u00bboff\u00a0\u00bb border_color=\u00a0\u00bb#ffffff\u00a0\u00bb border_style=\u00a0\u00bbsolid\u00a0\u00bb] Le th\u00e8me de l\u2019atelier sur les prix de transfert est un sujet d\u2019une importance strat\u00e9gique pour les finances publiques, compte tenu de l\u2019impact significatif qu\u2019il rev\u00eat en termes de recettes fiscales. Dans un contexte d\u2019internationalisation des \u00e9conomies o\u00f9 les \u00e9changes intra-groupes repr\u00e9sentent pr\u00e8s de 60\u00a0% du commerce mondial,","og_url":"https:\/\/credaf.org\/en\/atelier-technique-sur-les-prix-de-transfert-congo-13-au-15-fevrier\/","article_published_time":"2017-02-23T10:40:03+00:00","article_modified_time":"2019-04-01T12:26:31+00:00","og_image":[{"width":800,"height":387,"url":"https:\/\/credaf.org\/wp-content\/uploads\/2017\/02\/DSCN0832.jpg","type":"image\/jpeg"}],"author":"sgcredaf","twitter_card":"summary_large_image","twitter_misc":{"Written by":"sgcredaf","Est. reading time":"3 minutes"},"schema":{"@context":"https:\/\/schema.org","@graph":[{"@type":"Article","@id":"https:\/\/credaf.org\/atelier-technique-sur-les-prix-de-transfert-congo-13-au-15-fevrier\/#article","isPartOf":{"@id":"https:\/\/credaf.org\/atelier-technique-sur-les-prix-de-transfert-congo-13-au-15-fevrier\/"},"author":{"name":"sgcredaf","@id":"https:\/\/credaf.org\/#\/schema\/person\/259779a88640d76a545c9e6a8ce3ddb7"},"headline":"Atelier technique sur les prix de transfert &#8211; CONGO &#8211; 13 au 15 f\u00e9vrier","datePublished":"2017-02-23T10:40:03+00:00","dateModified":"2019-04-01T12:26:31+00:00","mainEntityOfPage":{"@id":"https:\/\/credaf.org\/atelier-technique-sur-les-prix-de-transfert-congo-13-au-15-fevrier\/"},"wordCount":706,"image":{"@id":"https:\/\/credaf.org\/atelier-technique-sur-les-prix-de-transfert-congo-13-au-15-fevrier\/#primaryimage"},"thumbnailUrl":"https:\/\/credaf.org\/wp-content\/uploads\/2017\/02\/DSCN0832.jpg","articleSection":["article FR"],"inLanguage":"en-US"},{"@type":"WebPage","@id":"https:\/\/credaf.org\/atelier-technique-sur-les-prix-de-transfert-congo-13-au-15-fevrier\/","url":"https:\/\/credaf.org\/atelier-technique-sur-les-prix-de-transfert-congo-13-au-15-fevrier\/","name":"- Atelier technique sur les prix de transfert - CONGO - 13 au 15 f\u00e9vrier","isPartOf":{"@id":"https:\/\/credaf.org\/#website"},"primaryImageOfPage":{"@id":"https:\/\/credaf.org\/atelier-technique-sur-les-prix-de-transfert-congo-13-au-15-fevrier\/#primaryimage"},"image":{"@id":"https:\/\/credaf.org\/atelier-technique-sur-les-prix-de-transfert-congo-13-au-15-fevrier\/#primaryimage"},"thumbnailUrl":"https:\/\/credaf.org\/wp-content\/uploads\/2017\/02\/DSCN0832.jpg","datePublished":"2017-02-23T10:40:03+00:00","dateModified":"2019-04-01T12:26:31+00:00","author":{"@id":"https:\/\/credaf.org\/#\/schema\/person\/259779a88640d76a545c9e6a8ce3ddb7"},"breadcrumb":{"@id":"https:\/\/credaf.org\/atelier-technique-sur-les-prix-de-transfert-congo-13-au-15-fevrier\/#breadcrumb"},"inLanguage":"en-US","potentialAction":[{"@type":"ReadAction","target":["https:\/\/credaf.org\/atelier-technique-sur-les-prix-de-transfert-congo-13-au-15-fevrier\/"]}]},{"@type":"ImageObject","inLanguage":"en-US","@id":"https:\/\/credaf.org\/atelier-technique-sur-les-prix-de-transfert-congo-13-au-15-fevrier\/#primaryimage","url":"https:\/\/credaf.org\/wp-content\/uploads\/2017\/02\/DSCN0832.jpg","contentUrl":"https:\/\/credaf.org\/wp-content\/uploads\/2017\/02\/DSCN0832.jpg","width":800,"height":387},{"@type":"BreadcrumbList","@id":"https:\/\/credaf.org\/atelier-technique-sur-les-prix-de-transfert-congo-13-au-15-fevrier\/#breadcrumb","itemListElement":[{"@type":"ListItem","position":1,"name":"Accueil","item":"https:\/\/credaf.org\/"},{"@type":"ListItem","position":2,"name":"Atelier technique sur les prix de transfert &#8211; CONGO &#8211; 13 au 15 f\u00e9vrier"}]},{"@type":"WebSite","@id":"https:\/\/credaf.org\/#website","url":"https:\/\/credaf.org\/","name":"","description":"","potentialAction":[{"@type":"SearchAction","target":{"@type":"EntryPoint","urlTemplate":"https:\/\/credaf.org\/?s={search_term_string}"},"query-input":{"@type":"PropertyValueSpecification","valueRequired":true,"valueName":"search_term_string"}}],"inLanguage":"en-US"},{"@type":"Person","@id":"https:\/\/credaf.org\/#\/schema\/person\/259779a88640d76a545c9e6a8ce3ddb7","name":"sgcredaf","url":"https:\/\/credaf.org\/en\/author\/sgcredaf\/"}]}},"rttpg_featured_image_url":{"full":["https:\/\/credaf.org\/wp-content\/uploads\/2017\/02\/DSCN0832.jpg",800,387,false],"landscape":["https:\/\/credaf.org\/wp-content\/uploads\/2017\/02\/DSCN0832.jpg",800,387,false],"portraits":["https:\/\/credaf.org\/wp-content\/uploads\/2017\/02\/DSCN0832.jpg",800,387,false],"thumbnail":["https:\/\/credaf.org\/wp-content\/uploads\/2017\/02\/DSCN0832-150x150.jpg",150,150,true],"medium":["https:\/\/credaf.org\/wp-content\/uploads\/2017\/02\/DSCN0832-300x145.jpg",300,145,true],"large":["https:\/\/credaf.org\/wp-content\/uploads\/2017\/02\/DSCN0832.jpg",720,348,false],"1536x1536":["https:\/\/credaf.org\/wp-content\/uploads\/2017\/02\/DSCN0832.jpg",800,387,false],"2048x2048":["https:\/\/credaf.org\/wp-content\/uploads\/2017\/02\/DSCN0832.jpg",800,387,false],"trp-custom-language-flag":["https:\/\/credaf.org\/wp-content\/uploads\/2017\/02\/DSCN0832.jpg",18,9,false],"gutener-1920-550":["https:\/\/credaf.org\/wp-content\/uploads\/2017\/02\/DSCN0832.jpg",800,387,false],"gutener-1370-550":["https:\/\/credaf.org\/wp-content\/uploads\/2017\/02\/DSCN0832.jpg",800,387,false],"gutener-590-310":["https:\/\/credaf.org\/wp-content\/uploads\/2017\/02\/DSCN0832.jpg",590,285,false],"gutener-420-380":["https:\/\/credaf.org\/wp-content\/uploads\/2017\/02\/DSCN0832.jpg",420,203,false],"gutener-420-300":["https:\/\/credaf.org\/wp-content\/uploads\/2017\/02\/DSCN0832.jpg",420,203,false],"gutener-420-200":["https:\/\/credaf.org\/wp-content\/uploads\/2017\/02\/DSCN0832.jpg",413,200,false],"gutener-290-150":["https:\/\/credaf.org\/wp-content\/uploads\/2017\/02\/DSCN0832.jpg",290,140,false],"gutener-80-60":["https:\/\/credaf.org\/wp-content\/uploads\/2017\/02\/DSCN0832.jpg",80,39,false],"woocommerce_thumbnail":["https:\/\/credaf.org\/wp-content\/uploads\/2017\/02\/DSCN0832-300x300.jpg",300,300,true],"woocommerce_single":["https:\/\/credaf.org\/wp-content\/uploads\/2017\/02\/DSCN0832-600x290.jpg",600,290,true],"woocommerce_gallery_thumbnail":["https:\/\/credaf.org\/wp-content\/uploads\/2017\/02\/DSCN0832-100x100.jpg",100,100,true]},"rttpg_author":{"display_name":"sgcredaf","author_link":"https:\/\/credaf.org\/en\/author\/sgcredaf\/"},"rttpg_comment":0,"rttpg_category":"<a href=\"https:\/\/credaf.org\/en\/category\/article\/\" rel=\"category tag\">article FR<\/a>","rttpg_excerpt":"[et_pb_section admin_label=\u00a0\u00bbSection\u00a0\u00bb fullwidth=\u00a0\u00bboff\u00a0\u00bb specialty=\u00a0\u00bboff\u00a0\u00bb][et_pb_row admin_label=\u00a0\u00bbLigne\u00a0\u00bb][et_pb_column type=\u00a0\u00bb4_4\u2033][et_pb_text admin_label=\u00a0\u00bbTexte\u00a0\u00bb background_layout=\u00a0\u00bblight\u00a0\u00bb text_orientation=\u00a0\u00bbleft\u00a0\u00bb use_border_color=\u00a0\u00bboff\u00a0\u00bb border_color=\u00a0\u00bb#ffffff\u00a0\u00bb border_style=\u00a0\u00bbsolid\u00a0\u00bb] Le th\u00e8me de l\u2019atelier sur les prix de transfert est un sujet d\u2019une importance strat\u00e9gique pour les finances publiques, compte tenu de l\u2019impact significatif qu\u2019il rev\u00eat en termes de recettes fiscales. Dans un contexte d\u2019internationalisation des \u00e9conomies o\u00f9 les \u00e9changes intra-groupes repr\u00e9sentent pr\u00e8s&hellip;","_links":{"self":[{"href":"https:\/\/credaf.org\/en\/wp-json\/wp\/v2\/posts\/2905","targetHints":{"allow":["GET"]}}],"collection":[{"href":"https:\/\/credaf.org\/en\/wp-json\/wp\/v2\/posts"}],"about":[{"href":"https:\/\/credaf.org\/en\/wp-json\/wp\/v2\/types\/post"}],"author":[{"embeddable":true,"href":"https:\/\/credaf.org\/en\/wp-json\/wp\/v2\/users\/13"}],"replies":[{"embeddable":true,"href":"https:\/\/credaf.org\/en\/wp-json\/wp\/v2\/comments?post=2905"}],"version-history":[{"count":0,"href":"https:\/\/credaf.org\/en\/wp-json\/wp\/v2\/posts\/2905\/revisions"}],"wp:featuredmedia":[{"embeddable":true,"href":"https:\/\/credaf.org\/en\/wp-json\/wp\/v2\/media\/3044"}],"wp:attachment":[{"href":"https:\/\/credaf.org\/en\/wp-json\/wp\/v2\/media?parent=2905"}],"wp:term":[{"taxonomy":"category","embeddable":true,"href":"https:\/\/credaf.org\/en\/wp-json\/wp\/v2\/categories?post=2905"},{"taxonomy":"post_tag","embeddable":true,"href":"https:\/\/credaf.org\/en\/wp-json\/wp\/v2\/tags?post=2905"}],"curies":[{"name":"wp","href":"https:\/\/api.w.org\/{rel}","templated":true}]}}